{"id":2982,"date":"2017-12-19T10:24:12","date_gmt":"2017-12-19T09:24:12","guid":{"rendered":"http:\/\/asonapolska.pl\/?p=2982"},"modified":"2020-07-29T12:35:26","modified_gmt":"2020-07-29T10:35:26","slug":"nowe-rozporzadzenie-ministra-infrastruktury","status":"publish","type":"post","link":"https:\/\/asonapolska.pl\/index.php\/2017\/12\/19\/nowe-rozporzadzenie-ministra-infrastruktury\/","title":{"rendered":"Nowe rozporz\u0105dzenie Ministra Infrastruktury"},"content":{"rendered":"<p>Szanowni Pa\u0144stwo.<\/p>\n<p>Zgodnie z opublikowanym w dniu 8.12.2017 rozporz\u0105dzeniem Ministra Infrastruktury i Budownictwa z dnia 14.11.2017 zmieniaj\u0105cym rozporz\u0105dzenie w sprawie warunk\u00f3w technicznych, jakim powinny odpowiada\u0107 budynki i ich usytuowanie, na naszej stronie &#8222;Normy&#8221;, w zak\u0142adce &#8222;Akustyka&#8221;, przedstawiamy tabel\u0119 uwzgl\u0119dnionych norm akustycznych. Warto si\u0119 zapozna\u0107.<\/p>\n","protected":false},"excerpt":{"rendered":"<p>Szanowni Pa\u0144stwo. Zgodnie z opublikowanym w dniu 8.12.2017 rozporz\u0105dzeniem Ministra Infrastruktury i Budownictwa z dnia 14.11.2017 zmieniaj\u0105cym rozporz\u0105dzenie w sprawie warunk\u00f3w technicznych, jakim powinny odpowiada\u0107 budynki i ich usytuowanie, na naszej stronie &#8222;Normy&#8221;, w zak\u0142adce &#8222;Akustyka&#8221;, przedstawiamy tabel\u0119 uwzgl\u0119dnionych norm akustycznych. Warto si\u0119 zapozna\u0107.<\/p>\n","protected":false},"author":1,"featured_media":2979,"comment_status":"closed","ping_status":"open","sticky":false,"template":"","format":"standard","meta":{"footnotes":""},"categories":[1],"tags":[168,109],"class_list":["post-2982","post","type-post","status-publish","format-standard","has-post-thumbnail","hentry","category-bez-kategorii","tag-akustyka","tag-asona"],"yoast_head":"<!-- This site is optimized with the Yoast SEO plugin v27.4 - https:\/\/yoast.com\/product\/yoast-seo-wordpress\/ -->\n<title>Nowe rozporz\u0105dzenie Ministra Infrastruktury - Asona Polska<\/title>\n<meta name=\"robots\" content=\"index, follow, max-snippet:-1, max-image-preview:large, max-video-preview:-1\" \/>\n<link rel=\"canonical\" href=\"https:\/\/asonapolska.pl\/index.php\/2017\/12\/19\/nowe-rozporzadzenie-ministra-infrastruktury\/\" \/>\n<meta property=\"og:locale\" content=\"pl_PL\" \/>\n<meta property=\"og:type\" content=\"article\" \/>\n<meta property=\"og:title\" content=\"Nowe rozporz\u0105dzenie Ministra Infrastruktury - Asona Polska\" \/>\n<meta property=\"og:description\" content=\"Szanowni Pa\u0144stwo. Zgodnie z opublikowanym w dniu 8.12.2017 rozporz\u0105dzeniem Ministra Infrastruktury i Budownictwa z dnia 14.11.2017 zmieniaj\u0105cym rozporz\u0105dzenie w sprawie warunk\u00f3w technicznych, jakim powinny odpowiada\u0107 budynki i ich usytuowanie, na naszej stronie &#8222;Normy&#8221;, w zak\u0142adce &#8222;Akustyka&#8221;, przedstawiamy tabel\u0119 uwzgl\u0119dnionych norm akustycznych. Warto si\u0119 zapozna\u0107.\" \/>\n<meta property=\"og:url\" content=\"https:\/\/asonapolska.pl\/index.php\/2017\/12\/19\/nowe-rozporzadzenie-ministra-infrastruktury\/\" \/>\n<meta property=\"og:site_name\" content=\"Asona Polska\" \/>\n<meta property=\"article:published_time\" content=\"2017-12-19T09:24:12+00:00\" \/>\n<meta property=\"article:modified_time\" content=\"2020-07-29T10:35:26+00:00\" \/>\n<meta property=\"og:image\" content=\"https:\/\/asonapolska.pl\/wp-content\/uploads\/2017\/12\/Obrazek-dziennika-ustaw-na-www.png\" \/>\n\t<meta property=\"og:image:width\" content=\"887\" \/>\n\t<meta property=\"og:image:height\" content=\"547\" \/>\n\t<meta property=\"og:image:type\" content=\"image\/png\" \/>\n<meta name=\"author\" content=\"asona\" \/>\n<meta name=\"twitter:card\" content=\"summary_large_image\" \/>\n<meta name=\"twitter:label1\" content=\"Napisane przez\" \/>\n\t<meta name=\"twitter:data1\" content=\"asona\" \/>\n<script type=\"application\/ld+json\" class=\"yoast-schema-graph\">{\"@context\":\"https:\\\/\\\/schema.org\",\"@graph\":[{\"@type\":\"Article\",\"@id\":\"https:\\\/\\\/asonapolska.pl\\\/index.php\\\/2017\\\/12\\\/19\\\/nowe-rozporzadzenie-ministra-infrastruktury\\\/#article\",\"isPartOf\":{\"@id\":\"https:\\\/\\\/asonapolska.pl\\\/index.php\\\/2017\\\/12\\\/19\\\/nowe-rozporzadzenie-ministra-infrastruktury\\\/\"},\"author\":{\"name\":\"asona\",\"@id\":\"https:\\\/\\\/asonapolska.pl\\\/#\\\/schema\\\/person\\\/e7dab43095e21b681d8faa1d4617ac76\"},\"headline\":\"Nowe rozporz\u0105dzenie Ministra Infrastruktury\",\"datePublished\":\"2017-12-19T09:24:12+00:00\",\"dateModified\":\"2020-07-29T10:35:26+00:00\",\"mainEntityOfPage\":{\"@id\":\"https:\\\/\\\/asonapolska.pl\\\/index.php\\\/2017\\\/12\\\/19\\\/nowe-rozporzadzenie-ministra-infrastruktury\\\/\"},\"wordCount\":54,\"image\":{\"@id\":\"https:\\\/\\\/asonapolska.pl\\\/index.php\\\/2017\\\/12\\\/19\\\/nowe-rozporzadzenie-ministra-infrastruktury\\\/#primaryimage\"},\"thumbnailUrl\":\"https:\\\/\\\/asonapolska.pl\\\/wp-content\\\/uploads\\\/2017\\\/12\\\/Obrazek-dziennika-ustaw-na-www.png\",\"keywords\":[\"akustyka\",\"asona\"],\"inLanguage\":\"pl-PL\"},{\"@type\":\"WebPage\",\"@id\":\"https:\\\/\\\/asonapolska.pl\\\/index.php\\\/2017\\\/12\\\/19\\\/nowe-rozporzadzenie-ministra-infrastruktury\\\/\",\"url\":\"https:\\\/\\\/asonapolska.pl\\\/index.php\\\/2017\\\/12\\\/19\\\/nowe-rozporzadzenie-ministra-infrastruktury\\\/\",\"name\":\"Nowe rozporz\u0105dzenie Ministra Infrastruktury - Asona Polska\",\"isPartOf\":{\"@id\":\"https:\\\/\\\/asonapolska.pl\\\/#website\"},\"primaryImageOfPage\":{\"@id\":\"https:\\\/\\\/asonapolska.pl\\\/index.php\\\/2017\\\/12\\\/19\\\/nowe-rozporzadzenie-ministra-infrastruktury\\\/#primaryimage\"},\"image\":{\"@id\":\"https:\\\/\\\/asonapolska.pl\\\/index.php\\\/2017\\\/12\\\/19\\\/nowe-rozporzadzenie-ministra-infrastruktury\\\/#primaryimage\"},\"thumbnailUrl\":\"https:\\\/\\\/asonapolska.pl\\\/wp-content\\\/uploads\\\/2017\\\/12\\\/Obrazek-dziennika-ustaw-na-www.png\",\"datePublished\":\"2017-12-19T09:24:12+00:00\",\"dateModified\":\"2020-07-29T10:35:26+00:00\",\"author\":{\"@id\":\"https:\\\/\\\/asonapolska.pl\\\/#\\\/schema\\\/person\\\/e7dab43095e21b681d8faa1d4617ac76\"},\"breadcrumb\":{\"@id\":\"https:\\\/\\\/asonapolska.pl\\\/index.php\\\/2017\\\/12\\\/19\\\/nowe-rozporzadzenie-ministra-infrastruktury\\\/#breadcrumb\"},\"inLanguage\":\"pl-PL\",\"potentialAction\":[{\"@type\":\"ReadAction\",\"target\":[\"https:\\\/\\\/asonapolska.pl\\\/index.php\\\/2017\\\/12\\\/19\\\/nowe-rozporzadzenie-ministra-infrastruktury\\\/\"]}]},{\"@type\":\"ImageObject\",\"inLanguage\":\"pl-PL\",\"@id\":\"https:\\\/\\\/asonapolska.pl\\\/index.php\\\/2017\\\/12\\\/19\\\/nowe-rozporzadzenie-ministra-infrastruktury\\\/#primaryimage\",\"url\":\"https:\\\/\\\/asonapolska.pl\\\/wp-content\\\/uploads\\\/2017\\\/12\\\/Obrazek-dziennika-ustaw-na-www.png\",\"contentUrl\":\"https:\\\/\\\/asonapolska.pl\\\/wp-content\\\/uploads\\\/2017\\\/12\\\/Obrazek-dziennika-ustaw-na-www.png\",\"width\":887,\"height\":547},{\"@type\":\"BreadcrumbList\",\"@id\":\"https:\\\/\\\/asonapolska.pl\\\/index.php\\\/2017\\\/12\\\/19\\\/nowe-rozporzadzenie-ministra-infrastruktury\\\/#breadcrumb\",\"itemListElement\":[{\"@type\":\"ListItem\",\"position\":1,\"name\":\"Strona g\u0142\u00f3wna\",\"item\":\"https:\\\/\\\/asonapolska.pl\\\/\"},{\"@type\":\"ListItem\",\"position\":2,\"name\":\"Nowe rozporz\u0105dzenie Ministra Infrastruktury\"}]},{\"@type\":\"WebSite\",\"@id\":\"https:\\\/\\\/asonapolska.pl\\\/#website\",\"url\":\"https:\\\/\\\/asonapolska.pl\\\/\",\"name\":\"Asona Polska\",\"description\":\"Posadzki \u017cywiczne i betonowe\",\"potentialAction\":[{\"@type\":\"SearchAction\",\"target\":{\"@type\":\"EntryPoint\",\"urlTemplate\":\"https:\\\/\\\/asonapolska.pl\\\/?s={search_term_string}\"},\"query-input\":{\"@type\":\"PropertyValueSpecification\",\"valueRequired\":true,\"valueName\":\"search_term_string\"}}],\"inLanguage\":\"pl-PL\"},{\"@type\":\"Person\",\"@id\":\"https:\\\/\\\/asonapolska.pl\\\/#\\\/schema\\\/person\\\/e7dab43095e21b681d8faa1d4617ac76\",\"name\":\"asona\",\"image\":{\"@type\":\"ImageObject\",\"inLanguage\":\"pl-PL\",\"@id\":\"https:\\\/\\\/secure.gravatar.com\\\/avatar\\\/89cbd12a5cbb6c0e31b5d3c1ce972a40479d47a2a42c59372a0e8aba1d198ea2?s=96&d=mm&r=g\",\"url\":\"https:\\\/\\\/secure.gravatar.com\\\/avatar\\\/89cbd12a5cbb6c0e31b5d3c1ce972a40479d47a2a42c59372a0e8aba1d198ea2?s=96&d=mm&r=g\",\"contentUrl\":\"https:\\\/\\\/secure.gravatar.com\\\/avatar\\\/89cbd12a5cbb6c0e31b5d3c1ce972a40479d47a2a42c59372a0e8aba1d198ea2?s=96&d=mm&r=g\",\"caption\":\"asona\"},\"url\":\"https:\\\/\\\/asonapolska.pl\\\/index.php\\\/author\\\/asona\\\/\"}]}<\/script>\n<!-- \/ Yoast SEO plugin. -->","yoast_head_json":{"title":"Nowe rozporz\u0105dzenie Ministra Infrastruktury - Asona Polska","robots":{"index":"index","follow":"follow","max-snippet":"max-snippet:-1","max-image-preview":"max-image-preview:large","max-video-preview":"max-video-preview:-1"},"canonical":"https:\/\/asonapolska.pl\/index.php\/2017\/12\/19\/nowe-rozporzadzenie-ministra-infrastruktury\/","og_locale":"pl_PL","og_type":"article","og_title":"Nowe rozporz\u0105dzenie Ministra Infrastruktury - Asona Polska","og_description":"Szanowni Pa\u0144stwo. Zgodnie z opublikowanym w dniu 8.12.2017 rozporz\u0105dzeniem Ministra Infrastruktury i Budownictwa z dnia 14.11.2017 zmieniaj\u0105cym rozporz\u0105dzenie w sprawie warunk\u00f3w technicznych, jakim powinny odpowiada\u0107 budynki i ich usytuowanie, na naszej stronie &#8222;Normy&#8221;, w zak\u0142adce &#8222;Akustyka&#8221;, przedstawiamy tabel\u0119 uwzgl\u0119dnionych norm akustycznych. Warto si\u0119 zapozna\u0107.","og_url":"https:\/\/asonapolska.pl\/index.php\/2017\/12\/19\/nowe-rozporzadzenie-ministra-infrastruktury\/","og_site_name":"Asona Polska","article_published_time":"2017-12-19T09:24:12+00:00","article_modified_time":"2020-07-29T10:35:26+00:00","og_image":[{"width":887,"height":547,"url":"https:\/\/asonapolska.pl\/wp-content\/uploads\/2017\/12\/Obrazek-dziennika-ustaw-na-www.png","type":"image\/png"}],"author":"asona","twitter_card":"summary_large_image","twitter_misc":{"Napisane przez":"asona"},"schema":{"@context":"https:\/\/schema.org","@graph":[{"@type":"Article","@id":"https:\/\/asonapolska.pl\/index.php\/2017\/12\/19\/nowe-rozporzadzenie-ministra-infrastruktury\/#article","isPartOf":{"@id":"https:\/\/asonapolska.pl\/index.php\/2017\/12\/19\/nowe-rozporzadzenie-ministra-infrastruktury\/"},"author":{"name":"asona","@id":"https:\/\/asonapolska.pl\/#\/schema\/person\/e7dab43095e21b681d8faa1d4617ac76"},"headline":"Nowe rozporz\u0105dzenie Ministra Infrastruktury","datePublished":"2017-12-19T09:24:12+00:00","dateModified":"2020-07-29T10:35:26+00:00","mainEntityOfPage":{"@id":"https:\/\/asonapolska.pl\/index.php\/2017\/12\/19\/nowe-rozporzadzenie-ministra-infrastruktury\/"},"wordCount":54,"image":{"@id":"https:\/\/asonapolska.pl\/index.php\/2017\/12\/19\/nowe-rozporzadzenie-ministra-infrastruktury\/#primaryimage"},"thumbnailUrl":"https:\/\/asonapolska.pl\/wp-content\/uploads\/2017\/12\/Obrazek-dziennika-ustaw-na-www.png","keywords":["akustyka","asona"],"inLanguage":"pl-PL"},{"@type":"WebPage","@id":"https:\/\/asonapolska.pl\/index.php\/2017\/12\/19\/nowe-rozporzadzenie-ministra-infrastruktury\/","url":"https:\/\/asonapolska.pl\/index.php\/2017\/12\/19\/nowe-rozporzadzenie-ministra-infrastruktury\/","name":"Nowe rozporz\u0105dzenie Ministra Infrastruktury - Asona Polska","isPartOf":{"@id":"https:\/\/asonapolska.pl\/#website"},"primaryImageOfPage":{"@id":"https:\/\/asonapolska.pl\/index.php\/2017\/12\/19\/nowe-rozporzadzenie-ministra-infrastruktury\/#primaryimage"},"image":{"@id":"https:\/\/asonapolska.pl\/index.php\/2017\/12\/19\/nowe-rozporzadzenie-ministra-infrastruktury\/#primaryimage"},"thumbnailUrl":"https:\/\/asonapolska.pl\/wp-content\/uploads\/2017\/12\/Obrazek-dziennika-ustaw-na-www.png","datePublished":"2017-12-19T09:24:12+00:00","dateModified":"2020-07-29T10:35:26+00:00","author":{"@id":"https:\/\/asonapolska.pl\/#\/schema\/person\/e7dab43095e21b681d8faa1d4617ac76"},"breadcrumb":{"@id":"https:\/\/asonapolska.pl\/index.php\/2017\/12\/19\/nowe-rozporzadzenie-ministra-infrastruktury\/#breadcrumb"},"inLanguage":"pl-PL","potentialAction":[{"@type":"ReadAction","target":["https:\/\/asonapolska.pl\/index.php\/2017\/12\/19\/nowe-rozporzadzenie-ministra-infrastruktury\/"]}]},{"@type":"ImageObject","inLanguage":"pl-PL","@id":"https:\/\/asonapolska.pl\/index.php\/2017\/12\/19\/nowe-rozporzadzenie-ministra-infrastruktury\/#primaryimage","url":"https:\/\/asonapolska.pl\/wp-content\/uploads\/2017\/12\/Obrazek-dziennika-ustaw-na-www.png","contentUrl":"https:\/\/asonapolska.pl\/wp-content\/uploads\/2017\/12\/Obrazek-dziennika-ustaw-na-www.png","width":887,"height":547},{"@type":"BreadcrumbList","@id":"https:\/\/asonapolska.pl\/index.php\/2017\/12\/19\/nowe-rozporzadzenie-ministra-infrastruktury\/#breadcrumb","itemListElement":[{"@type":"ListItem","position":1,"name":"Strona g\u0142\u00f3wna","item":"https:\/\/asonapolska.pl\/"},{"@type":"ListItem","position":2,"name":"Nowe rozporz\u0105dzenie Ministra Infrastruktury"}]},{"@type":"WebSite","@id":"https:\/\/asonapolska.pl\/#website","url":"https:\/\/asonapolska.pl\/","name":"Asona Polska","description":"Posadzki \u017cywiczne i betonowe","potentialAction":[{"@type":"SearchAction","target":{"@type":"EntryPoint","urlTemplate":"https:\/\/asonapolska.pl\/?s={search_term_string}"},"query-input":{"@type":"PropertyValueSpecification","valueRequired":true,"valueName":"search_term_string"}}],"inLanguage":"pl-PL"},{"@type":"Person","@id":"https:\/\/asonapolska.pl\/#\/schema\/person\/e7dab43095e21b681d8faa1d4617ac76","name":"asona","image":{"@type":"ImageObject","inLanguage":"pl-PL","@id":"https:\/\/secure.gravatar.com\/avatar\/89cbd12a5cbb6c0e31b5d3c1ce972a40479d47a2a42c59372a0e8aba1d198ea2?s=96&d=mm&r=g","url":"https:\/\/secure.gravatar.com\/avatar\/89cbd12a5cbb6c0e31b5d3c1ce972a40479d47a2a42c59372a0e8aba1d198ea2?s=96&d=mm&r=g","contentUrl":"https:\/\/secure.gravatar.com\/avatar\/89cbd12a5cbb6c0e31b5d3c1ce972a40479d47a2a42c59372a0e8aba1d198ea2?s=96&d=mm&r=g","caption":"asona"},"url":"https:\/\/asonapolska.pl\/index.php\/author\/asona\/"}]}},"_links":{"self":[{"href":"https:\/\/asonapolska.pl\/index.php\/wp-json\/wp\/v2\/posts\/2982","targetHints":{"allow":["GET"]}}],"collection":[{"href":"https:\/\/asonapolska.pl\/index.php\/wp-json\/wp\/v2\/posts"}],"about":[{"href":"https:\/\/asonapolska.pl\/index.php\/wp-json\/wp\/v2\/types\/post"}],"author":[{"embeddable":true,"href":"https:\/\/asonapolska.pl\/index.php\/wp-json\/wp\/v2\/users\/1"}],"replies":[{"embeddable":true,"href":"https:\/\/asonapolska.pl\/index.php\/wp-json\/wp\/v2\/comments?post=2982"}],"version-history":[{"count":2,"href":"https:\/\/asonapolska.pl\/index.php\/wp-json\/wp\/v2\/posts\/2982\/revisions"}],"predecessor-version":[{"id":2989,"href":"https:\/\/asonapolska.pl\/index.php\/wp-json\/wp\/v2\/posts\/2982\/revisions\/2989"}],"wp:featuredmedia":[{"embeddable":true,"href":"https:\/\/asonapolska.pl\/index.php\/wp-json\/wp\/v2\/media\/2979"}],"wp:attachment":[{"href":"https:\/\/asonapolska.pl\/index.php\/wp-json\/wp\/v2\/media?parent=2982"}],"wp:term":[{"taxonomy":"category","embeddable":true,"href":"https:\/\/asonapolska.pl\/index.php\/wp-json\/wp\/v2\/categories?post=2982"},{"taxonomy":"post_tag","embeddable":true,"href":"https:\/\/asonapolska.pl\/index.php\/wp-json\/wp\/v2\/tags?post=2982"}],"curies":[{"name":"wp","href":"https:\/\/api.w.org\/{rel}","templated":true}]}}