{"id":2796,"date":"2016-10-13T15:10:27","date_gmt":"2016-10-13T13:10:27","guid":{"rendered":"http:\/\/asonapolska.pl\/?p=2796"},"modified":"2016-10-13T15:10:27","modified_gmt":"2016-10-13T13:10:27","slug":"galeria-polnocna-w-warszawie","status":"publish","type":"post","link":"https:\/\/asonapolska.pl\/index.php\/2016\/10\/13\/galeria-polnocna-w-warszawie\/","title":{"rendered":"Galeria P\u00f3\u0142nocna w Warszawie"},"content":{"rendered":"<p>Jedn\u0105 z wi\u0119kszych, aktualnych inwestycji jest Galeria P\u00f3\u0142nocna w Warszawie przy ul. \u015awiatowida. Prace zwi\u0105zane z posadzkami betonowymi, jak i wsparciem akustycznym trwaj\u0105 ca\u0142y czas&#8230; Ten projekt znajd\u0105 Pa\u0144stwo <a href=\"http:\/\/asonapolska.pl\/index.php\/project\/galeria-polnocna-w-warszawie\/\"><strong>tutaj<\/strong><\/a>.<\/p>\n","protected":false},"excerpt":{"rendered":"<p>Jedn\u0105 z wi\u0119kszych, aktualnych inwestycji jest Galeria P\u00f3\u0142nocna w Warszawie przy ul. \u015awiatowida. Prace zwi\u0105zane z posadzkami betonowymi, jak i wsparciem akustycznym trwaj\u0105 ca\u0142y czas&#8230; Ten projekt znajd\u0105 Pa\u0144stwo tutaj.<\/p>\n","protected":false},"author":1,"featured_media":2792,"comment_status":"closed","ping_status":"open","sticky":false,"template":"","format":"standard","meta":{"footnotes":""},"categories":[65,66,67],"tags":[],"class_list":["post-2796","post","type-post","status-publish","format-standard","has-post-thumbnail","hentry","category-akustyka","category-posadzki","category-wibroizolacja"],"yoast_head":"<!-- This site is optimized with the Yoast SEO plugin v27.5 - https:\/\/yoast.com\/product\/yoast-seo-wordpress\/ -->\n<title>Galeria P\u00f3\u0142nocna w Warszawie - Asona Polska<\/title>\n<meta name=\"robots\" content=\"index, follow, max-snippet:-1, max-image-preview:large, max-video-preview:-1\" \/>\n<link rel=\"canonical\" href=\"https:\/\/asonapolska.pl\/index.php\/2016\/10\/13\/galeria-polnocna-w-warszawie\/\" \/>\n<meta property=\"og:locale\" content=\"pl_PL\" \/>\n<meta property=\"og:type\" content=\"article\" \/>\n<meta property=\"og:title\" content=\"Galeria P\u00f3\u0142nocna w Warszawie - Asona Polska\" \/>\n<meta property=\"og:description\" content=\"Jedn\u0105 z wi\u0119kszych, aktualnych inwestycji jest Galeria P\u00f3\u0142nocna w Warszawie przy ul. \u015awiatowida. Prace zwi\u0105zane z posadzkami betonowymi, jak i wsparciem akustycznym trwaj\u0105 ca\u0142y czas&#8230; Ten projekt znajd\u0105 Pa\u0144stwo tutaj.\" \/>\n<meta property=\"og:url\" content=\"https:\/\/asonapolska.pl\/index.php\/2016\/10\/13\/galeria-polnocna-w-warszawie\/\" \/>\n<meta property=\"og:site_name\" content=\"Asona Polska\" \/>\n<meta property=\"article:published_time\" content=\"2016-10-13T13:10:27+00:00\" \/>\n<meta property=\"og:image\" content=\"https:\/\/asonapolska.pl\/wp-content\/uploads\/2016\/10\/20161012_160239-scaled.jpg\" \/>\n\t<meta property=\"og:image:width\" content=\"2560\" \/>\n\t<meta property=\"og:image:height\" content=\"1920\" \/>\n\t<meta property=\"og:image:type\" content=\"image\/jpeg\" \/>\n<meta name=\"author\" content=\"asona\" \/>\n<meta name=\"twitter:card\" content=\"summary_large_image\" \/>\n<meta name=\"twitter:label1\" content=\"Napisane przez\" \/>\n\t<meta name=\"twitter:data1\" content=\"asona\" \/>\n<script type=\"application\/ld+json\" class=\"yoast-schema-graph\">{\"@context\":\"https:\\\/\\\/schema.org\",\"@graph\":[{\"@type\":\"Article\",\"@id\":\"https:\\\/\\\/asonapolska.pl\\\/index.php\\\/2016\\\/10\\\/13\\\/galeria-polnocna-w-warszawie\\\/#article\",\"isPartOf\":{\"@id\":\"https:\\\/\\\/asonapolska.pl\\\/index.php\\\/2016\\\/10\\\/13\\\/galeria-polnocna-w-warszawie\\\/\"},\"author\":{\"name\":\"asona\",\"@id\":\"https:\\\/\\\/asonapolska.pl\\\/#\\\/schema\\\/person\\\/e7dab43095e21b681d8faa1d4617ac76\"},\"headline\":\"Galeria P\u00f3\u0142nocna w Warszawie\",\"datePublished\":\"2016-10-13T13:10:27+00:00\",\"mainEntityOfPage\":{\"@id\":\"https:\\\/\\\/asonapolska.pl\\\/index.php\\\/2016\\\/10\\\/13\\\/galeria-polnocna-w-warszawie\\\/\"},\"wordCount\":40,\"image\":{\"@id\":\"https:\\\/\\\/asonapolska.pl\\\/index.php\\\/2016\\\/10\\\/13\\\/galeria-polnocna-w-warszawie\\\/#primaryimage\"},\"thumbnailUrl\":\"https:\\\/\\\/asonapolska.pl\\\/wp-content\\\/uploads\\\/2016\\\/10\\\/20161012_160239-scaled.jpg\",\"articleSection\":[\"Akustyka\",\"Posadzki\",\"Wibroizolacja\"],\"inLanguage\":\"pl-PL\"},{\"@type\":\"WebPage\",\"@id\":\"https:\\\/\\\/asonapolska.pl\\\/index.php\\\/2016\\\/10\\\/13\\\/galeria-polnocna-w-warszawie\\\/\",\"url\":\"https:\\\/\\\/asonapolska.pl\\\/index.php\\\/2016\\\/10\\\/13\\\/galeria-polnocna-w-warszawie\\\/\",\"name\":\"Galeria P\u00f3\u0142nocna w Warszawie - Asona Polska\",\"isPartOf\":{\"@id\":\"https:\\\/\\\/asonapolska.pl\\\/#website\"},\"primaryImageOfPage\":{\"@id\":\"https:\\\/\\\/asonapolska.pl\\\/index.php\\\/2016\\\/10\\\/13\\\/galeria-polnocna-w-warszawie\\\/#primaryimage\"},\"image\":{\"@id\":\"https:\\\/\\\/asonapolska.pl\\\/index.php\\\/2016\\\/10\\\/13\\\/galeria-polnocna-w-warszawie\\\/#primaryimage\"},\"thumbnailUrl\":\"https:\\\/\\\/asonapolska.pl\\\/wp-content\\\/uploads\\\/2016\\\/10\\\/20161012_160239-scaled.jpg\",\"datePublished\":\"2016-10-13T13:10:27+00:00\",\"author\":{\"@id\":\"https:\\\/\\\/asonapolska.pl\\\/#\\\/schema\\\/person\\\/e7dab43095e21b681d8faa1d4617ac76\"},\"breadcrumb\":{\"@id\":\"https:\\\/\\\/asonapolska.pl\\\/index.php\\\/2016\\\/10\\\/13\\\/galeria-polnocna-w-warszawie\\\/#breadcrumb\"},\"inLanguage\":\"pl-PL\",\"potentialAction\":[{\"@type\":\"ReadAction\",\"target\":[\"https:\\\/\\\/asonapolska.pl\\\/index.php\\\/2016\\\/10\\\/13\\\/galeria-polnocna-w-warszawie\\\/\"]}]},{\"@type\":\"ImageObject\",\"inLanguage\":\"pl-PL\",\"@id\":\"https:\\\/\\\/asonapolska.pl\\\/index.php\\\/2016\\\/10\\\/13\\\/galeria-polnocna-w-warszawie\\\/#primaryimage\",\"url\":\"https:\\\/\\\/asonapolska.pl\\\/wp-content\\\/uploads\\\/2016\\\/10\\\/20161012_160239-scaled.jpg\",\"contentUrl\":\"https:\\\/\\\/asonapolska.pl\\\/wp-content\\\/uploads\\\/2016\\\/10\\\/20161012_160239-scaled.jpg\",\"width\":2560,\"height\":1920},{\"@type\":\"BreadcrumbList\",\"@id\":\"https:\\\/\\\/asonapolska.pl\\\/index.php\\\/2016\\\/10\\\/13\\\/galeria-polnocna-w-warszawie\\\/#breadcrumb\",\"itemListElement\":[{\"@type\":\"ListItem\",\"position\":1,\"name\":\"Strona g\u0142\u00f3wna\",\"item\":\"https:\\\/\\\/asonapolska.pl\\\/\"},{\"@type\":\"ListItem\",\"position\":2,\"name\":\"Galeria P\u00f3\u0142nocna w Warszawie\"}]},{\"@type\":\"WebSite\",\"@id\":\"https:\\\/\\\/asonapolska.pl\\\/#website\",\"url\":\"https:\\\/\\\/asonapolska.pl\\\/\",\"name\":\"Asona Polska\",\"description\":\"Posadzki \u017cywiczne i betonowe\",\"potentialAction\":[{\"@type\":\"SearchAction\",\"target\":{\"@type\":\"EntryPoint\",\"urlTemplate\":\"https:\\\/\\\/asonapolska.pl\\\/?s={search_term_string}\"},\"query-input\":{\"@type\":\"PropertyValueSpecification\",\"valueRequired\":true,\"valueName\":\"search_term_string\"}}],\"inLanguage\":\"pl-PL\"},{\"@type\":\"Person\",\"@id\":\"https:\\\/\\\/asonapolska.pl\\\/#\\\/schema\\\/person\\\/e7dab43095e21b681d8faa1d4617ac76\",\"name\":\"asona\",\"image\":{\"@type\":\"ImageObject\",\"inLanguage\":\"pl-PL\",\"@id\":\"https:\\\/\\\/secure.gravatar.com\\\/avatar\\\/89cbd12a5cbb6c0e31b5d3c1ce972a40479d47a2a42c59372a0e8aba1d198ea2?s=96&d=mm&r=g\",\"url\":\"https:\\\/\\\/secure.gravatar.com\\\/avatar\\\/89cbd12a5cbb6c0e31b5d3c1ce972a40479d47a2a42c59372a0e8aba1d198ea2?s=96&d=mm&r=g\",\"contentUrl\":\"https:\\\/\\\/secure.gravatar.com\\\/avatar\\\/89cbd12a5cbb6c0e31b5d3c1ce972a40479d47a2a42c59372a0e8aba1d198ea2?s=96&d=mm&r=g\",\"caption\":\"asona\"},\"url\":\"https:\\\/\\\/asonapolska.pl\\\/index.php\\\/author\\\/asona\\\/\"}]}<\/script>\n<!-- \/ Yoast SEO plugin. -->","yoast_head_json":{"title":"Galeria P\u00f3\u0142nocna w Warszawie - Asona Polska","robots":{"index":"index","follow":"follow","max-snippet":"max-snippet:-1","max-image-preview":"max-image-preview:large","max-video-preview":"max-video-preview:-1"},"canonical":"https:\/\/asonapolska.pl\/index.php\/2016\/10\/13\/galeria-polnocna-w-warszawie\/","og_locale":"pl_PL","og_type":"article","og_title":"Galeria P\u00f3\u0142nocna w Warszawie - Asona Polska","og_description":"Jedn\u0105 z wi\u0119kszych, aktualnych inwestycji jest Galeria P\u00f3\u0142nocna w Warszawie przy ul. \u015awiatowida. Prace zwi\u0105zane z posadzkami betonowymi, jak i wsparciem akustycznym trwaj\u0105 ca\u0142y czas&#8230; Ten projekt znajd\u0105 Pa\u0144stwo tutaj.","og_url":"https:\/\/asonapolska.pl\/index.php\/2016\/10\/13\/galeria-polnocna-w-warszawie\/","og_site_name":"Asona Polska","article_published_time":"2016-10-13T13:10:27+00:00","og_image":[{"width":2560,"height":1920,"url":"https:\/\/asonapolska.pl\/wp-content\/uploads\/2016\/10\/20161012_160239-scaled.jpg","type":"image\/jpeg"}],"author":"asona","twitter_card":"summary_large_image","twitter_misc":{"Napisane przez":"asona"},"schema":{"@context":"https:\/\/schema.org","@graph":[{"@type":"Article","@id":"https:\/\/asonapolska.pl\/index.php\/2016\/10\/13\/galeria-polnocna-w-warszawie\/#article","isPartOf":{"@id":"https:\/\/asonapolska.pl\/index.php\/2016\/10\/13\/galeria-polnocna-w-warszawie\/"},"author":{"name":"asona","@id":"https:\/\/asonapolska.pl\/#\/schema\/person\/e7dab43095e21b681d8faa1d4617ac76"},"headline":"Galeria P\u00f3\u0142nocna w Warszawie","datePublished":"2016-10-13T13:10:27+00:00","mainEntityOfPage":{"@id":"https:\/\/asonapolska.pl\/index.php\/2016\/10\/13\/galeria-polnocna-w-warszawie\/"},"wordCount":40,"image":{"@id":"https:\/\/asonapolska.pl\/index.php\/2016\/10\/13\/galeria-polnocna-w-warszawie\/#primaryimage"},"thumbnailUrl":"https:\/\/asonapolska.pl\/wp-content\/uploads\/2016\/10\/20161012_160239-scaled.jpg","articleSection":["Akustyka","Posadzki","Wibroizolacja"],"inLanguage":"pl-PL"},{"@type":"WebPage","@id":"https:\/\/asonapolska.pl\/index.php\/2016\/10\/13\/galeria-polnocna-w-warszawie\/","url":"https:\/\/asonapolska.pl\/index.php\/2016\/10\/13\/galeria-polnocna-w-warszawie\/","name":"Galeria P\u00f3\u0142nocna w Warszawie - Asona Polska","isPartOf":{"@id":"https:\/\/asonapolska.pl\/#website"},"primaryImageOfPage":{"@id":"https:\/\/asonapolska.pl\/index.php\/2016\/10\/13\/galeria-polnocna-w-warszawie\/#primaryimage"},"image":{"@id":"https:\/\/asonapolska.pl\/index.php\/2016\/10\/13\/galeria-polnocna-w-warszawie\/#primaryimage"},"thumbnailUrl":"https:\/\/asonapolska.pl\/wp-content\/uploads\/2016\/10\/20161012_160239-scaled.jpg","datePublished":"2016-10-13T13:10:27+00:00","author":{"@id":"https:\/\/asonapolska.pl\/#\/schema\/person\/e7dab43095e21b681d8faa1d4617ac76"},"breadcrumb":{"@id":"https:\/\/asonapolska.pl\/index.php\/2016\/10\/13\/galeria-polnocna-w-warszawie\/#breadcrumb"},"inLanguage":"pl-PL","potentialAction":[{"@type":"ReadAction","target":["https:\/\/asonapolska.pl\/index.php\/2016\/10\/13\/galeria-polnocna-w-warszawie\/"]}]},{"@type":"ImageObject","inLanguage":"pl-PL","@id":"https:\/\/asonapolska.pl\/index.php\/2016\/10\/13\/galeria-polnocna-w-warszawie\/#primaryimage","url":"https:\/\/asonapolska.pl\/wp-content\/uploads\/2016\/10\/20161012_160239-scaled.jpg","contentUrl":"https:\/\/asonapolska.pl\/wp-content\/uploads\/2016\/10\/20161012_160239-scaled.jpg","width":2560,"height":1920},{"@type":"BreadcrumbList","@id":"https:\/\/asonapolska.pl\/index.php\/2016\/10\/13\/galeria-polnocna-w-warszawie\/#breadcrumb","itemListElement":[{"@type":"ListItem","position":1,"name":"Strona g\u0142\u00f3wna","item":"https:\/\/asonapolska.pl\/"},{"@type":"ListItem","position":2,"name":"Galeria P\u00f3\u0142nocna w Warszawie"}]},{"@type":"WebSite","@id":"https:\/\/asonapolska.pl\/#website","url":"https:\/\/asonapolska.pl\/","name":"Asona Polska","description":"Posadzki \u017cywiczne i betonowe","potentialAction":[{"@type":"SearchAction","target":{"@type":"EntryPoint","urlTemplate":"https:\/\/asonapolska.pl\/?s={search_term_string}"},"query-input":{"@type":"PropertyValueSpecification","valueRequired":true,"valueName":"search_term_string"}}],"inLanguage":"pl-PL"},{"@type":"Person","@id":"https:\/\/asonapolska.pl\/#\/schema\/person\/e7dab43095e21b681d8faa1d4617ac76","name":"asona","image":{"@type":"ImageObject","inLanguage":"pl-PL","@id":"https:\/\/secure.gravatar.com\/avatar\/89cbd12a5cbb6c0e31b5d3c1ce972a40479d47a2a42c59372a0e8aba1d198ea2?s=96&d=mm&r=g","url":"https:\/\/secure.gravatar.com\/avatar\/89cbd12a5cbb6c0e31b5d3c1ce972a40479d47a2a42c59372a0e8aba1d198ea2?s=96&d=mm&r=g","contentUrl":"https:\/\/secure.gravatar.com\/avatar\/89cbd12a5cbb6c0e31b5d3c1ce972a40479d47a2a42c59372a0e8aba1d198ea2?s=96&d=mm&r=g","caption":"asona"},"url":"https:\/\/asonapolska.pl\/index.php\/author\/asona\/"}]}},"_links":{"self":[{"href":"https:\/\/asonapolska.pl\/index.php\/wp-json\/wp\/v2\/posts\/2796","targetHints":{"allow":["GET"]}}],"collection":[{"href":"https:\/\/asonapolska.pl\/index.php\/wp-json\/wp\/v2\/posts"}],"about":[{"href":"https:\/\/asonapolska.pl\/index.php\/wp-json\/wp\/v2\/types\/post"}],"author":[{"embeddable":true,"href":"https:\/\/asonapolska.pl\/index.php\/wp-json\/wp\/v2\/users\/1"}],"replies":[{"embeddable":true,"href":"https:\/\/asonapolska.pl\/index.php\/wp-json\/wp\/v2\/comments?post=2796"}],"version-history":[{"count":2,"href":"https:\/\/asonapolska.pl\/index.php\/wp-json\/wp\/v2\/posts\/2796\/revisions"}],"predecessor-version":[{"id":2798,"href":"https:\/\/asonapolska.pl\/index.php\/wp-json\/wp\/v2\/posts\/2796\/revisions\/2798"}],"wp:featuredmedia":[{"embeddable":true,"href":"https:\/\/asonapolska.pl\/index.php\/wp-json\/wp\/v2\/media\/2792"}],"wp:attachment":[{"href":"https:\/\/asonapolska.pl\/index.php\/wp-json\/wp\/v2\/media?parent=2796"}],"wp:term":[{"taxonomy":"category","embeddable":true,"href":"https:\/\/asonapolska.pl\/index.php\/wp-json\/wp\/v2\/categories?post=2796"},{"taxonomy":"post_tag","embeddable":true,"href":"https:\/\/asonapolska.pl\/index.php\/wp-json\/wp\/v2\/tags?post=2796"}],"curies":[{"name":"wp","href":"https:\/\/api.w.org\/{rel}","templated":true}]}}