{"id":2672,"date":"2016-01-28T14:05:56","date_gmt":"2016-01-28T13:05:56","guid":{"rendered":"http:\/\/asonapolska.pl\/?p=2672"},"modified":"2020-07-29T12:37:20","modified_gmt":"2020-07-29T10:37:20","slug":"zakonczenie-wibroizolacji-na-gbc-w-warszawie","status":"publish","type":"post","link":"https:\/\/asonapolska.pl\/index.php\/2016\/01\/28\/zakonczenie-wibroizolacji-na-gbc-w-warszawie\/","title":{"rendered":"Zako\u0144czenie wibroizolacji na GBC w Warszawie"},"content":{"rendered":"<p>Dnia 27.01.2016 r. zosta\u0142a wykonana ostatnia platforma izolacyjna pod urz\u0105dzenia w pomieszczeniach Games Room na budynku Gda\u0144ski Business Center w Warszawie. Sam monta\u017c trwa\u0142 par\u0119 godzin, jednak oczekiwanie na dostaw\u0119 wyd\u0142u\u017cy\u0142o czas uko\u0144czenia prac. Ukazane warstwy zostan\u0105 wyko\u0144czone systemow\u0105 wyk\u0142adzin\u0105.<\/p>\n<p><a href=\"http:\/\/asonapolska.pl\/wp-content\/uploads\/2016\/01\/SAM1278.jpg\" rel=\"attachment wp-att-2674\"><img loading=\"lazy\" decoding=\"async\" class=\"size-medium wp-image-2674\" src=\"http:\/\/asonapolska.pl\/wp-content\/uploads\/2016\/01\/SAM1278-300x169.jpg\" alt=\"SAMSUNG CSC\" width=\"300\" height=\"169\" srcset=\"https:\/\/asonapolska.pl\/wp-content\/uploads\/2016\/01\/SAM1278-300x169.jpg 300w, https:\/\/asonapolska.pl\/wp-content\/uploads\/2016\/01\/SAM1278-600x338.jpg 600w, https:\/\/asonapolska.pl\/wp-content\/uploads\/2016\/01\/SAM1278-768x432.jpg 768w, https:\/\/asonapolska.pl\/wp-content\/uploads\/2016\/01\/SAM1278-1024x576.jpg 1024w, https:\/\/asonapolska.pl\/wp-content\/uploads\/2016\/01\/SAM1278-848x480.jpg 848w, https:\/\/asonapolska.pl\/wp-content\/uploads\/2016\/01\/SAM1278-555x312.jpg 555w\" sizes=\"auto, (max-width: 300px) 100vw, 300px\" \/><\/a><\/p>\n","protected":false},"excerpt":{"rendered":"<p>Dnia 27.01.2016 r. zosta\u0142a wykonana ostatnia platforma izolacyjna pod urz\u0105dzenia w pomieszczeniach Games Room na budynku Gda\u0144ski Business Center w Warszawie.<\/p>\n","protected":false},"author":1,"featured_media":2673,"comment_status":"closed","ping_status":"open","sticky":false,"template":"","format":"standard","meta":{"footnotes":""},"categories":[65,67],"tags":[191,120],"class_list":["post-2672","post","type-post","status-publish","format-standard","has-post-thumbnail","hentry","category-akustyka","category-wibroizolacja","tag-afm","tag-getzner"],"yoast_head":"<!-- This site is optimized with the Yoast SEO plugin v27.5 - https:\/\/yoast.com\/product\/yoast-seo-wordpress\/ -->\n<title>Zako\u0144czenie wibroizolacji na GBC w Warszawie - Asona Polska<\/title>\n<meta name=\"robots\" content=\"index, follow, max-snippet:-1, max-image-preview:large, max-video-preview:-1\" \/>\n<link rel=\"canonical\" href=\"https:\/\/asonapolska.pl\/index.php\/2016\/01\/28\/zakonczenie-wibroizolacji-na-gbc-w-warszawie\/\" \/>\n<meta property=\"og:locale\" content=\"pl_PL\" \/>\n<meta property=\"og:type\" content=\"article\" \/>\n<meta property=\"og:title\" content=\"Zako\u0144czenie wibroizolacji na GBC w Warszawie - Asona Polska\" \/>\n<meta property=\"og:description\" content=\"Dnia 27.01.2016 r. zosta\u0142a wykonana ostatnia platforma izolacyjna pod urz\u0105dzenia w pomieszczeniach Games Room na budynku Gda\u0144ski Business Center w Warszawie.\" \/>\n<meta property=\"og:url\" content=\"https:\/\/asonapolska.pl\/index.php\/2016\/01\/28\/zakonczenie-wibroizolacji-na-gbc-w-warszawie\/\" \/>\n<meta property=\"og:site_name\" content=\"Asona Polska\" \/>\n<meta property=\"article:published_time\" content=\"2016-01-28T13:05:56+00:00\" \/>\n<meta property=\"article:modified_time\" content=\"2020-07-29T10:37:20+00:00\" \/>\n<meta property=\"og:image\" content=\"https:\/\/asonapolska.pl\/wp-content\/uploads\/2016\/01\/SAM1274-scaled.jpg\" \/>\n\t<meta property=\"og:image:width\" content=\"2560\" \/>\n\t<meta property=\"og:image:height\" content=\"1441\" \/>\n\t<meta property=\"og:image:type\" content=\"image\/jpeg\" \/>\n<meta name=\"author\" content=\"asona\" \/>\n<meta name=\"twitter:card\" content=\"summary_large_image\" \/>\n<meta name=\"twitter:label1\" content=\"Napisane przez\" \/>\n\t<meta name=\"twitter:data1\" content=\"asona\" \/>\n<script type=\"application\/ld+json\" class=\"yoast-schema-graph\">{\"@context\":\"https:\\\/\\\/schema.org\",\"@graph\":[{\"@type\":\"Article\",\"@id\":\"https:\\\/\\\/asonapolska.pl\\\/index.php\\\/2016\\\/01\\\/28\\\/zakonczenie-wibroizolacji-na-gbc-w-warszawie\\\/#article\",\"isPartOf\":{\"@id\":\"https:\\\/\\\/asonapolska.pl\\\/index.php\\\/2016\\\/01\\\/28\\\/zakonczenie-wibroizolacji-na-gbc-w-warszawie\\\/\"},\"author\":{\"name\":\"asona\",\"@id\":\"https:\\\/\\\/asonapolska.pl\\\/#\\\/schema\\\/person\\\/e7dab43095e21b681d8faa1d4617ac76\"},\"headline\":\"Zako\u0144czenie wibroizolacji na GBC w Warszawie\",\"datePublished\":\"2016-01-28T13:05:56+00:00\",\"dateModified\":\"2020-07-29T10:37:20+00:00\",\"mainEntityOfPage\":{\"@id\":\"https:\\\/\\\/asonapolska.pl\\\/index.php\\\/2016\\\/01\\\/28\\\/zakonczenie-wibroizolacji-na-gbc-w-warszawie\\\/\"},\"wordCount\":55,\"image\":{\"@id\":\"https:\\\/\\\/asonapolska.pl\\\/index.php\\\/2016\\\/01\\\/28\\\/zakonczenie-wibroizolacji-na-gbc-w-warszawie\\\/#primaryimage\"},\"thumbnailUrl\":\"https:\\\/\\\/asonapolska.pl\\\/wp-content\\\/uploads\\\/2016\\\/01\\\/SAM1274-scaled.jpg\",\"keywords\":[\"acoustic floor mat\",\"getzner\"],\"articleSection\":[\"Akustyka\",\"Wibroizolacja\"],\"inLanguage\":\"pl-PL\"},{\"@type\":\"WebPage\",\"@id\":\"https:\\\/\\\/asonapolska.pl\\\/index.php\\\/2016\\\/01\\\/28\\\/zakonczenie-wibroizolacji-na-gbc-w-warszawie\\\/\",\"url\":\"https:\\\/\\\/asonapolska.pl\\\/index.php\\\/2016\\\/01\\\/28\\\/zakonczenie-wibroizolacji-na-gbc-w-warszawie\\\/\",\"name\":\"Zako\u0144czenie wibroizolacji na GBC w Warszawie - Asona Polska\",\"isPartOf\":{\"@id\":\"https:\\\/\\\/asonapolska.pl\\\/#website\"},\"primaryImageOfPage\":{\"@id\":\"https:\\\/\\\/asonapolska.pl\\\/index.php\\\/2016\\\/01\\\/28\\\/zakonczenie-wibroizolacji-na-gbc-w-warszawie\\\/#primaryimage\"},\"image\":{\"@id\":\"https:\\\/\\\/asonapolska.pl\\\/index.php\\\/2016\\\/01\\\/28\\\/zakonczenie-wibroizolacji-na-gbc-w-warszawie\\\/#primaryimage\"},\"thumbnailUrl\":\"https:\\\/\\\/asonapolska.pl\\\/wp-content\\\/uploads\\\/2016\\\/01\\\/SAM1274-scaled.jpg\",\"datePublished\":\"2016-01-28T13:05:56+00:00\",\"dateModified\":\"2020-07-29T10:37:20+00:00\",\"author\":{\"@id\":\"https:\\\/\\\/asonapolska.pl\\\/#\\\/schema\\\/person\\\/e7dab43095e21b681d8faa1d4617ac76\"},\"breadcrumb\":{\"@id\":\"https:\\\/\\\/asonapolska.pl\\\/index.php\\\/2016\\\/01\\\/28\\\/zakonczenie-wibroizolacji-na-gbc-w-warszawie\\\/#breadcrumb\"},\"inLanguage\":\"pl-PL\",\"potentialAction\":[{\"@type\":\"ReadAction\",\"target\":[\"https:\\\/\\\/asonapolska.pl\\\/index.php\\\/2016\\\/01\\\/28\\\/zakonczenie-wibroizolacji-na-gbc-w-warszawie\\\/\"]}]},{\"@type\":\"ImageObject\",\"inLanguage\":\"pl-PL\",\"@id\":\"https:\\\/\\\/asonapolska.pl\\\/index.php\\\/2016\\\/01\\\/28\\\/zakonczenie-wibroizolacji-na-gbc-w-warszawie\\\/#primaryimage\",\"url\":\"https:\\\/\\\/asonapolska.pl\\\/wp-content\\\/uploads\\\/2016\\\/01\\\/SAM1274-scaled.jpg\",\"contentUrl\":\"https:\\\/\\\/asonapolska.pl\\\/wp-content\\\/uploads\\\/2016\\\/01\\\/SAM1274-scaled.jpg\",\"width\":2560,\"height\":1441,\"caption\":\"SAMSUNG CSC\"},{\"@type\":\"BreadcrumbList\",\"@id\":\"https:\\\/\\\/asonapolska.pl\\\/index.php\\\/2016\\\/01\\\/28\\\/zakonczenie-wibroizolacji-na-gbc-w-warszawie\\\/#breadcrumb\",\"itemListElement\":[{\"@type\":\"ListItem\",\"position\":1,\"name\":\"Strona g\u0142\u00f3wna\",\"item\":\"https:\\\/\\\/asonapolska.pl\\\/\"},{\"@type\":\"ListItem\",\"position\":2,\"name\":\"Zako\u0144czenie wibroizolacji na GBC w Warszawie\"}]},{\"@type\":\"WebSite\",\"@id\":\"https:\\\/\\\/asonapolska.pl\\\/#website\",\"url\":\"https:\\\/\\\/asonapolska.pl\\\/\",\"name\":\"Asona Polska\",\"description\":\"Posadzki \u017cywiczne i betonowe\",\"potentialAction\":[{\"@type\":\"SearchAction\",\"target\":{\"@type\":\"EntryPoint\",\"urlTemplate\":\"https:\\\/\\\/asonapolska.pl\\\/?s={search_term_string}\"},\"query-input\":{\"@type\":\"PropertyValueSpecification\",\"valueRequired\":true,\"valueName\":\"search_term_string\"}}],\"inLanguage\":\"pl-PL\"},{\"@type\":\"Person\",\"@id\":\"https:\\\/\\\/asonapolska.pl\\\/#\\\/schema\\\/person\\\/e7dab43095e21b681d8faa1d4617ac76\",\"name\":\"asona\",\"image\":{\"@type\":\"ImageObject\",\"inLanguage\":\"pl-PL\",\"@id\":\"https:\\\/\\\/secure.gravatar.com\\\/avatar\\\/89cbd12a5cbb6c0e31b5d3c1ce972a40479d47a2a42c59372a0e8aba1d198ea2?s=96&d=mm&r=g\",\"url\":\"https:\\\/\\\/secure.gravatar.com\\\/avatar\\\/89cbd12a5cbb6c0e31b5d3c1ce972a40479d47a2a42c59372a0e8aba1d198ea2?s=96&d=mm&r=g\",\"contentUrl\":\"https:\\\/\\\/secure.gravatar.com\\\/avatar\\\/89cbd12a5cbb6c0e31b5d3c1ce972a40479d47a2a42c59372a0e8aba1d198ea2?s=96&d=mm&r=g\",\"caption\":\"asona\"},\"url\":\"https:\\\/\\\/asonapolska.pl\\\/index.php\\\/author\\\/asona\\\/\"}]}<\/script>\n<!-- \/ Yoast SEO plugin. -->","yoast_head_json":{"title":"Zako\u0144czenie wibroizolacji na GBC w Warszawie - Asona Polska","robots":{"index":"index","follow":"follow","max-snippet":"max-snippet:-1","max-image-preview":"max-image-preview:large","max-video-preview":"max-video-preview:-1"},"canonical":"https:\/\/asonapolska.pl\/index.php\/2016\/01\/28\/zakonczenie-wibroizolacji-na-gbc-w-warszawie\/","og_locale":"pl_PL","og_type":"article","og_title":"Zako\u0144czenie wibroizolacji na GBC w Warszawie - Asona Polska","og_description":"Dnia 27.01.2016 r. zosta\u0142a wykonana ostatnia platforma izolacyjna pod urz\u0105dzenia w pomieszczeniach Games Room na budynku Gda\u0144ski Business Center w Warszawie.","og_url":"https:\/\/asonapolska.pl\/index.php\/2016\/01\/28\/zakonczenie-wibroizolacji-na-gbc-w-warszawie\/","og_site_name":"Asona Polska","article_published_time":"2016-01-28T13:05:56+00:00","article_modified_time":"2020-07-29T10:37:20+00:00","og_image":[{"width":2560,"height":1441,"url":"https:\/\/asonapolska.pl\/wp-content\/uploads\/2016\/01\/SAM1274-scaled.jpg","type":"image\/jpeg"}],"author":"asona","twitter_card":"summary_large_image","twitter_misc":{"Napisane przez":"asona"},"schema":{"@context":"https:\/\/schema.org","@graph":[{"@type":"Article","@id":"https:\/\/asonapolska.pl\/index.php\/2016\/01\/28\/zakonczenie-wibroizolacji-na-gbc-w-warszawie\/#article","isPartOf":{"@id":"https:\/\/asonapolska.pl\/index.php\/2016\/01\/28\/zakonczenie-wibroizolacji-na-gbc-w-warszawie\/"},"author":{"name":"asona","@id":"https:\/\/asonapolska.pl\/#\/schema\/person\/e7dab43095e21b681d8faa1d4617ac76"},"headline":"Zako\u0144czenie wibroizolacji na GBC w Warszawie","datePublished":"2016-01-28T13:05:56+00:00","dateModified":"2020-07-29T10:37:20+00:00","mainEntityOfPage":{"@id":"https:\/\/asonapolska.pl\/index.php\/2016\/01\/28\/zakonczenie-wibroizolacji-na-gbc-w-warszawie\/"},"wordCount":55,"image":{"@id":"https:\/\/asonapolska.pl\/index.php\/2016\/01\/28\/zakonczenie-wibroizolacji-na-gbc-w-warszawie\/#primaryimage"},"thumbnailUrl":"https:\/\/asonapolska.pl\/wp-content\/uploads\/2016\/01\/SAM1274-scaled.jpg","keywords":["acoustic floor mat","getzner"],"articleSection":["Akustyka","Wibroizolacja"],"inLanguage":"pl-PL"},{"@type":"WebPage","@id":"https:\/\/asonapolska.pl\/index.php\/2016\/01\/28\/zakonczenie-wibroizolacji-na-gbc-w-warszawie\/","url":"https:\/\/asonapolska.pl\/index.php\/2016\/01\/28\/zakonczenie-wibroizolacji-na-gbc-w-warszawie\/","name":"Zako\u0144czenie wibroizolacji na GBC w Warszawie - Asona Polska","isPartOf":{"@id":"https:\/\/asonapolska.pl\/#website"},"primaryImageOfPage":{"@id":"https:\/\/asonapolska.pl\/index.php\/2016\/01\/28\/zakonczenie-wibroizolacji-na-gbc-w-warszawie\/#primaryimage"},"image":{"@id":"https:\/\/asonapolska.pl\/index.php\/2016\/01\/28\/zakonczenie-wibroizolacji-na-gbc-w-warszawie\/#primaryimage"},"thumbnailUrl":"https:\/\/asonapolska.pl\/wp-content\/uploads\/2016\/01\/SAM1274-scaled.jpg","datePublished":"2016-01-28T13:05:56+00:00","dateModified":"2020-07-29T10:37:20+00:00","author":{"@id":"https:\/\/asonapolska.pl\/#\/schema\/person\/e7dab43095e21b681d8faa1d4617ac76"},"breadcrumb":{"@id":"https:\/\/asonapolska.pl\/index.php\/2016\/01\/28\/zakonczenie-wibroizolacji-na-gbc-w-warszawie\/#breadcrumb"},"inLanguage":"pl-PL","potentialAction":[{"@type":"ReadAction","target":["https:\/\/asonapolska.pl\/index.php\/2016\/01\/28\/zakonczenie-wibroizolacji-na-gbc-w-warszawie\/"]}]},{"@type":"ImageObject","inLanguage":"pl-PL","@id":"https:\/\/asonapolska.pl\/index.php\/2016\/01\/28\/zakonczenie-wibroizolacji-na-gbc-w-warszawie\/#primaryimage","url":"https:\/\/asonapolska.pl\/wp-content\/uploads\/2016\/01\/SAM1274-scaled.jpg","contentUrl":"https:\/\/asonapolska.pl\/wp-content\/uploads\/2016\/01\/SAM1274-scaled.jpg","width":2560,"height":1441,"caption":"SAMSUNG CSC"},{"@type":"BreadcrumbList","@id":"https:\/\/asonapolska.pl\/index.php\/2016\/01\/28\/zakonczenie-wibroizolacji-na-gbc-w-warszawie\/#breadcrumb","itemListElement":[{"@type":"ListItem","position":1,"name":"Strona g\u0142\u00f3wna","item":"https:\/\/asonapolska.pl\/"},{"@type":"ListItem","position":2,"name":"Zako\u0144czenie wibroizolacji na GBC w Warszawie"}]},{"@type":"WebSite","@id":"https:\/\/asonapolska.pl\/#website","url":"https:\/\/asonapolska.pl\/","name":"Asona Polska","description":"Posadzki \u017cywiczne i betonowe","potentialAction":[{"@type":"SearchAction","target":{"@type":"EntryPoint","urlTemplate":"https:\/\/asonapolska.pl\/?s={search_term_string}"},"query-input":{"@type":"PropertyValueSpecification","valueRequired":true,"valueName":"search_term_string"}}],"inLanguage":"pl-PL"},{"@type":"Person","@id":"https:\/\/asonapolska.pl\/#\/schema\/person\/e7dab43095e21b681d8faa1d4617ac76","name":"asona","image":{"@type":"ImageObject","inLanguage":"pl-PL","@id":"https:\/\/secure.gravatar.com\/avatar\/89cbd12a5cbb6c0e31b5d3c1ce972a40479d47a2a42c59372a0e8aba1d198ea2?s=96&d=mm&r=g","url":"https:\/\/secure.gravatar.com\/avatar\/89cbd12a5cbb6c0e31b5d3c1ce972a40479d47a2a42c59372a0e8aba1d198ea2?s=96&d=mm&r=g","contentUrl":"https:\/\/secure.gravatar.com\/avatar\/89cbd12a5cbb6c0e31b5d3c1ce972a40479d47a2a42c59372a0e8aba1d198ea2?s=96&d=mm&r=g","caption":"asona"},"url":"https:\/\/asonapolska.pl\/index.php\/author\/asona\/"}]}},"_links":{"self":[{"href":"https:\/\/asonapolska.pl\/index.php\/wp-json\/wp\/v2\/posts\/2672","targetHints":{"allow":["GET"]}}],"collection":[{"href":"https:\/\/asonapolska.pl\/index.php\/wp-json\/wp\/v2\/posts"}],"about":[{"href":"https:\/\/asonapolska.pl\/index.php\/wp-json\/wp\/v2\/types\/post"}],"author":[{"embeddable":true,"href":"https:\/\/asonapolska.pl\/index.php\/wp-json\/wp\/v2\/users\/1"}],"replies":[{"embeddable":true,"href":"https:\/\/asonapolska.pl\/index.php\/wp-json\/wp\/v2\/comments?post=2672"}],"version-history":[{"count":3,"href":"https:\/\/asonapolska.pl\/index.php\/wp-json\/wp\/v2\/posts\/2672\/revisions"}],"predecessor-version":[{"id":2678,"href":"https:\/\/asonapolska.pl\/index.php\/wp-json\/wp\/v2\/posts\/2672\/revisions\/2678"}],"wp:featuredmedia":[{"embeddable":true,"href":"https:\/\/asonapolska.pl\/index.php\/wp-json\/wp\/v2\/media\/2673"}],"wp:attachment":[{"href":"https:\/\/asonapolska.pl\/index.php\/wp-json\/wp\/v2\/media?parent=2672"}],"wp:term":[{"taxonomy":"category","embeddable":true,"href":"https:\/\/asonapolska.pl\/index.php\/wp-json\/wp\/v2\/categories?post=2672"},{"taxonomy":"post_tag","embeddable":true,"href":"https:\/\/asonapolska.pl\/index.php\/wp-json\/wp\/v2\/tags?post=2672"}],"curies":[{"name":"wp","href":"https:\/\/api.w.org\/{rel}","templated":true}]}}